{"id":959,"date":"2011-12-20T19:19:44","date_gmt":"2011-12-20T17:19:44","guid":{"rendered":"http:\/\/oeko-architektenhaus.de\/blog\/?p=959"},"modified":"2024-07-16T09:32:12","modified_gmt":"2024-07-16T07:32:12","slug":"feuer-waerme-leidenschaft-kamin-ofen","status":"publish","type":"post","link":"https:\/\/oeko-architektenhaus.de\/blog\/feuer-waerme-leidenschaft-kamin-ofen\/","title":{"rendered":"Feuer = W\u00e4rme &#038; Leidenschaft: Kamin, Ofen, 2-z\u00fcgiger Schornstein im \u00d6KO-ARCHITEKTENHAUS"},"content":{"rendered":"<p><a href=\"https:\/\/oeko-architektenhaus.de\/blog\/feuer-waerme-leidenschaft-kamin-ofen\/\"><img loading=\"lazy\" decoding=\"async\" alt=\"\" src=\"https:\/\/www.oeko-architektenhaus.de\/foto-wp-feuer-entfach-leidenschaft-620x289.jpg\" class=\"alignnone\" width=\"620\" height=\"289\" \/><\/a><br \/>\n<em>(Fotos, Grafiken &#038; Bildmontagen aus Fotoarchiv von \u00d6KO-ARCHITEKTENHAUS \/ <a href=\"https:\/\/www.50-erfolgsgrundlagen.de\/b50-autor.html\" target=\"_blank\" rel=\"noopener\"><span style=\"color:#000080\">Buchautor: Uwe Melzer<\/span><\/a>)<\/em><\/p>\n\n\n<a href=\"https:\/\/www.oeko-architektenhaus.de\/s-bs-ofen.html\" target=\"_blank\" rel=\"noopener\"><img loading=\"lazy\" decoding=\"async\" alt=\"\" src=\"https:\/\/www.oeko-architektenhaus.de\/foto-feuertempel-leidenschaft-620x93.jpg\" class=\"alignnone\" width=\"620\" height=\"93\" \/><\/a>\n\n\n\n<p><br \/>\n<a href=\"https:\/\/www.oeko-architektenhaus.de\/s-bs-ofen.html\" target=\"_blank\" rel=\"noopener\"><img loading=\"lazy\" decoding=\"async\" alt=\"\" src=\"https:\/\/www.oeko-architektenhaus.de\/foto-feuertempel-ofen-180x240.jpg\" class=\"alignright\" width=\"180\" height=\"240\" \/><\/a><strong>Ofen \/ Kamin \/ Kachelofen etc. als Sonderausstattung<\/strong><br \/>\n2-z\u00fcgiger Schornstein ist serienm\u00e4\u00dfig in jedem \u00d6KO-ARCHITEKTENHAUS eingebaut.<\/p>\n\n\n\n<p>Zum Beispiel: <strong>Arena Speckstein Ofen<\/strong><br \/>\nFeuertempel<br \/>\nNeuhaus 10<br \/>\nD-78554 Aldingen (direkt an der B14)<br \/>\n<a href=\"https:\/\/weber-der-feuertempel.de\" target=\"_blank\" rel=\"noopener\">weber-der-feuertempel.de<\/a><\/p>\n\n\n\n<p>Mit der Z\u00e4hmung des Feuers begann die menschliche Zivilisation. Mit dem Feuer verbinden sich unsere tiefsten Emotionen. Feuerstellen sind mit die \u00e4ltesten arch\u00e4ologischen Funde, die wir kennen.<\/p>\n\n\t\n\n<p><a href=\"https:\/\/www.oeko-architektenhaus.de\/s-bs-ofen.html\" target=\"_blank\" rel=\"noopener\"><img loading=\"lazy\" decoding=\"async\" alt=\"\" src=\"https:\/\/www.oeko-architektenhaus.de\/foto-kamin-feuertempel-388x316.jpg\" class=\"alignleft\" width=\"388\" height=\"316\" \/><\/a>Die Kunst, Feuer zu bewahren und zu nutzen, hat in allen Kulturen eine lange, reiche Tradition. Und sie hat auch heute noch die Faszination, die sie immer hatte. Heute vor allem als Ausdruck individueller Wohngestaltung, aber auch dank der gesunden W\u00e4rme, die ein Feuer spendet.<\/p>\n\n\n\n<p>Begeben Sie sich in unserem Feuertempel auf einen Weg, auf dem Sie zu sich selber finden. Anregungen und Ideen zuhauf, die Ihnen helfen, den Mittelpunkt Ihres Heims zu einem unverwechselbaren Ausdruck Ihrer Lebenshaltung zu machen.<\/p>\n\n\n\n<p><strong>Einbaubeispiel:<\/strong> Ofen R\u00fcegg PI-570Compact V\/S.<br \/>\n<br \/>\n<a href=\"https:\/\/www.oeko-architektenhaus.de\/s-bs-ofen.html\" target=\"_blank\" rel=\"noopener\"><img loading=\"lazy\" decoding=\"async\" alt=\"\" src=\"https:\/\/www.oeko-architektenhaus.de\/foto-ofen-ruegg-pi570compact-499x569.jpg\" class=\"aligncenter\" width=\"499\" height=\"569\" \/><\/a>\n<a href=\"https:\/\/www.oeko-architektenhaus.de\/s-bs-ofen.html\" target=\"_blank\" rel=\"noopener\"><img loading=\"lazy\" decoding=\"async\" alt=\"\" src=\"https:\/\/www.oeko-architektenhaus.de\/foto-ofen-ruegg-pi570compact-einbau-620x619.jpg\" class=\"aligncenter\" width=\"620\" height=\"619\" \/><\/a><\/p>\n\n\n\n<p><img loading=\"lazy\" decoding=\"async\" src=\"https:\/\/www.oeko-architektenhaus.de\/grafik-wp-linie-gruen-620x5.png\" width=\"620\" height=\"5\"\/><\/p>\n\n\n<p><a href=\"https:\/\/www.oeko-architektenhaus.de\/s-download.html\" target=\"_blank\" rel=\"noopener noreferrer\"><img loading=\"lazy\" decoding=\"async\" class=\"alignleft\" src=\"https:\/\/www.oeko-architektenhaus.de\/foto-hauskatalog-oeko-architektenhaus-titelbild-75x100.jpg\" width=\"75\" height=\"100\"\/><\/a><a href=\"https:\/\/www.50-erfolgsgrundlagen.de\" target=\"_blank\" rel=\"noopener noreferrer\"><img loading=\"lazy\" decoding=\"async\" class=\"alignright\" src=\"https:\/\/www.50-erfolgsgrundlagen.de\/grafik-wp-buch-titelseite-71x100.jpg\" width=\"71\" height=\"100\"\/><\/a><strong><a href=\"https:\/\/oeko-architektenhaus.de\/blog\/wp-login.php?action=register\" target=\"_blank\" rel=\"noopener\"><span style=\"color:#1403fa\">Newsletter abonnieren<\/span><\/a><\/strong><br \/>\n<strong><a href=\"https:\/\/www.oeko-architektenhaus.de\/s-download.html\" target=\"_blank\" rel=\"noopener\"><span style=\"color:#1403fa\">Hauskatalog als kostenloser PDF Download<\/span><\/a><\/strong><br \/>\n<strong><a href=\"https:\/\/www.50-erfolgsgrundlagen.de\" target=\"_blank\" rel=\"noopener\"><span style=\"color:#1403fa\">Buch \/ eBook \/ ePUB: <em>&#8222;50 biblische Erfolgsgrundlagen im Gesch\u00e4ftsleben&#8220;<\/em><\/span><\/a><\/strong><br \/>\n<br class=\"clear\"\/><br \/>\n<a href=\"https:\/\/www.rettung-fuer-deutschland.de\" target=\"_blank\" rel=\"noopener\"><img loading=\"lazy\" decoding=\"async\" src=\"https:\/\/www.oeko-architektenhaus.de\/grafik-logo-rfd-67x67.jpg\" width=\"67\" height=\"67\" class=\"alignleft\"\/><\/a><strong><a href=\"https:\/\/www.rettung-fuer-deutschland.de\" title=\"RFD Rettung f\u00fcr Deutschland\" target=\"_blank\" rel=\"noopener\"><span style=\"color:#1403fa\">RfD Rettung f\u00fcr Deutschland<\/span><\/a> &#8211; Mit <a href=\"https:\/\/www.oeko-architektenhaus.de\/s-oeko-energiehaus.html\" target=\"_blank\" rel=\"noopener\"><img loading=\"lazy\" decoding=\"async\" src=\"https:\/\/oeko-architektenhaus.de\/foto-weltkugel-66x66.jpg\" alt=\"\u00d6kologisch Bauen, Welt retten, \u00d6KO-ARCHITEKTENHAUS\" width=\"66\" height=\"66\" class=\"alignright\"\/><\/a>Ihrem \u00d6ko-Energiehaus leisten Sie einen wertvollen, aktiven Beitrag zum Schutz des Weltklimas! Es gibt nur eine Erde! Wann umdenken, wenn nicht jetzt?<\/strong><\/p>\n<p><a href=\"https:\/\/www.oeko-architektenhaus.de\/s-haus-ideen.html\" target=\"_blank\" rel=\"noopener\"><img loading=\"lazy\" decoding=\"async\" src=\"https:\/\/oeko-architektenhaus.de\/grafik-wp-4xvilla-oeko-architektenhaus-619x75.jpg\" title=\"4 x Villa \u00d6ko-Architektenhaus\" width=\"619\" height=\"75\"\/><\/a><\/p>\n<p><a href=\"https:\/\/www.oeko-architektenhaus.de\" target=\"_blank\" rel=\"noopener\"><img loading=\"lazy\" decoding=\"async\" src=\"https:\/\/www.oeko-architektenhaus.de\/grafik-logo-oeko-130x130.jpg\" title=\"\u00d6KO-ARCHITEKTENHAUS\" width=\"130\" height=\"130\" class=\"alignleft\"\/><\/a><strong><a href=\"https:\/\/www.oeko-architektenhaus.de\" target=\"_blank\" rel=\"noopener\"> <span style=\"color:#008000\">\u00d6KO<\/span>&#8211;<span style=\"color:#000000\"> Architektenhaus<\/span><\/a><\/strong><br \/>\n<strong>Individuelle Architektenh\u00e4user in hoher Qualit\u00e4t zum fairen Preis<\/strong><br \/>\nE-Mail: <a href=\"mailto:info@oeko-architektenhaus.de\"><span style=\"color:#1403fa\">info@oeko-architektenhaus.de<\/span><\/a><br \/>\nInternet: <a href=\"https:\/\/www.oeko-architektenhaus.de\" target=\"_blank\" rel=\"noopener\"><span style=\"color:#1403fa\">www.oeko-architektenhaus.de<\/span><\/a><\/p>\n<p><a class=\"twitter-share-button\" href=\"https:\/\/twitter.com\/share\" data-url=\"https:\/\/oeko-architektenhaus.de\/blog\/feuer-waerme-leidenschaft-kamin-ofen\/\" data-text=\"#Feuer = #W\u00e4rme &#038; #Leidenschaft: #Kamin, #Ofen, 2-z\u00fcgiger #Schornstein im #\u00d6KO-ARCHITEKTENHAUS: \u2026 vollst\u00e4ndigen #Presseartikel lesen bei #WordPress:\" data-lang=\"de\">Twittern<\/a> <a href=\"https:\/\/www.xing.com\/spi\/shares\/new?follow_url=https:\/\/www.xing.com\/profile\/Uwe_Melzer2&amp;sc_p=b7910_cb&amp;url=https:\/\/oeko-architektenhaus.de\/blog\/feuer-waerme-leidenschaft-kamin-ofen\/\" target=\"_blank\" rel=\"noopener noreferrer\"><img decoding=\"async\" src=\"https:\/\/www.rettung-fuer-deutschland.de\/grafik-xing-button-60x20.jpg\" alt=\"\" border=\"0\"\/><\/a>  <script src=\"\/\/platform.linkedin.com\/in.js\" type=\"text\/javascript\">lang: de_DE<\/script><script type=\"IN\/Share\" data-url=\"https:\/\/oeko-architektenhaus.de\/blog\/feuer-waerme-leidenschaft-kamin-ofen\/\"><\/script><\/p>\n<div class=\"fb-like\" data-href=\"https:\/\/oeko-architektenhaus.de\/blog\/feuer-waerme-leidenschaft-kamin-ofen\/\" data-width=\"200\" data-layout=\"\" data-action=\"\" data-size=\"\" data-share=\"true\"><\/div>","protected":false},"excerpt":{"rendered":"<p>Ofen \/ Kamin \/ Kachelofen etc. als Sonderausstattung, 2-z\u00fcgiger Schornstein ist serienm\u00e4\u00dfig in jedem \u00d6KO-ARCHITEKTENHAUS eingebaut. Zum Beispiel: Arena Speckstein Ofen, Weber der Feuertempel. Mit der Z\u00e4hmung des Feuers begann die menschliche Zivilisation. Mit dem Feuer verbinden sich unsere tiefsten Emotionen. Feuerstellen sind mit die \u00e4ltesten arch\u00e4ologischen Funde, die wir kennen. Die Kunst, Feuer zu bewahren und zu nutzen, hat in allen Kulturen eine lange, reiche Tradition. Und sie hat auch heute noch die Faszination, die sie immer hatte. Heute vor allem als Ausdruck individueller Wohngestaltung, aber auch dank der gesunden W\u00e4rme, die ein Feuer spendet. Begeben Sie sich in unserem Feuertempel auf einen Weg, auf dem Sie zu sich selber finden. Anregungen und Ideen zuhauf, die Ihnen helfen, den Mittelpunkt Ihres Heims zu einem unverwechselbaren Ausdruck Ihrer Lebenshaltung zu machen. &#8230; vollst\u00e4ndigen Presseartikel lesen bei WordPress: https:\/\/oeko-architektenhaus.de\/blog\/feuer-waerme-leidenschaft-kamin-ofen\/<\/p>\n","protected":false},"author":26353,"featured_media":0,"comment_status":"open","ping_status":"open","sticky":false,"template":"","format":"standard","meta":{"footnotes":""},"categories":[1,6,10,7,14,13,12],"tags":[1741,545,547,548,551,544,558,557,563,2092,543,2097,129,546,2098,712,549,561],"class_list":["post-959","post","type-post","status-publish","format-standard","hentry","category-allgemein","category-architektenhaus","category-einfamilienhaus","category-hausbau","category-individuelles-haus","category-klassische-hauser","category-moderne-hauser","tag-architektenhaus","tag-arena","tag-feuer","tag-feuerstellen","tag-feuertempel","tag-kamin","tag-kulturen","tag-kunst","tag-lebenshaltung","tag-leidenschaft","tag-ofen","tag-ofenmacher","tag-oko-architektenhaus","tag-speckstein","tag-specksteinofen","tag-warme","tag-weber","tag-wohngestaltung"],"_links":{"self":[{"href":"https:\/\/oeko-architektenhaus.de\/blog\/wp-json\/wp\/v2\/posts\/959","targetHints":{"allow":["GET"]}}],"collection":[{"href":"https:\/\/oeko-architektenhaus.de\/blog\/wp-json\/wp\/v2\/posts"}],"about":[{"href":"https:\/\/oeko-architektenhaus.de\/blog\/wp-json\/wp\/v2\/types\/post"}],"author":[{"embeddable":true,"href":"https:\/\/oeko-architektenhaus.de\/blog\/wp-json\/wp\/v2\/users\/26353"}],"replies":[{"embeddable":true,"href":"https:\/\/oeko-architektenhaus.de\/blog\/wp-json\/wp\/v2\/comments?post=959"}],"version-history":[{"count":1,"href":"https:\/\/oeko-architektenhaus.de\/blog\/wp-json\/wp\/v2\/posts\/959\/revisions"}],"predecessor-version":[{"id":3543,"href":"https:\/\/oeko-architektenhaus.de\/blog\/wp-json\/wp\/v2\/posts\/959\/revisions\/3543"}],"wp:attachment":[{"href":"https:\/\/oeko-architektenhaus.de\/blog\/wp-json\/wp\/v2\/media?parent=959"}],"wp:term":[{"taxonomy":"category","embeddable":true,"href":"https:\/\/oeko-architektenhaus.de\/blog\/wp-json\/wp\/v2\/categories?post=959"},{"taxonomy":"post_tag","embeddable":true,"href":"https:\/\/oeko-architektenhaus.de\/blog\/wp-json\/wp\/v2\/tags?post=959"}],"curies":[{"name":"wp","href":"https:\/\/api.w.org\/{rel}","templated":true}]}}